{"id":1256,"date":"2023-01-05T19:10:39","date_gmt":"2023-01-05T18:10:39","guid":{"rendered":"http:\/\/www.soundseeing.net\/klangkunst-festival-im-da\/"},"modified":"2023-01-05T19:21:14","modified_gmt":"2023-01-05T18:21:14","slug":"klangkunst-festival-im-da","status":"publish","type":"post","link":"https:\/\/www.soundseeing.net\/en\/klangkunst-festival-im-da\/","title":{"rendered":"Klangkunst Festival im DA"},"content":{"rendered":"<p>Er\u00f6ffnung der Klangkunst-Ausstellung im DA, Kunsthaus Kloster Gravenhorst, H\u00f6rstel am 8.3.2014<\/p>\n<p>Die Basssaxophone knatterten, raumf\u00fcllende Klangmaschinen pulsierten, eine menschliche Stimme t\u00f6nte unerh\u00f6rt &#8212; am langen Abend der Klangkunst bebte und schwang der gro\u00dfe Saal des Kunsthauses von Jazz bis Avantgarde. Zu sp\u00e4terer Stunde ein extremer Kontrast: das virtuos entschleunigte Duo \u00bbMoving Sounds\u00ab mit Klarinettistin Tara Bouman und dem weltbekannten Trompeter Markus Stockhausen&#8230;<br \/>\nTilman K\u00fcntzel, Hans W. Koch, Claus van Bebber und Dino Steinhof bespielen die Innenr\u00e4ume des Kunsthauses u.a. mit Schallplattenobjekten und Licht-Klang-K\u00e4sten. Musikmaschinen-Bauer Christof Schl\u00e4ger platziert seine Percussions-Skulptur im Park. Die Klangbauer Ralf Schreiber &amp; Christian Faubel pr\u00e4sentieren den im Workshop entstandenen Klangbaum, aus dem es 3 Monate lang zwitschern und fiepen wird.<\/p>\n<p>Im Video: Exponate von Claus van Bebber und Tilman K\u00fcntzel, Konzerte von Christof Schl\u00e4ger, Duo Moving Sounds, Deep Schrott und Jaap Blonk | Foto: Michael Jezierny<\/p>\n<p>Regie: Daniel Huhn<br \/>\nKamera: Tobias Welmering<br \/>\nTon: Alexander Altemeyer<br \/>\nSchnitt: Julian Isfort<\/p>\n","protected":false},"excerpt":{"rendered":"<p>Er\u00f6ffnung der Klangkunst-Ausstellung im DA, Kunsthaus Kloster Gravenhorst, H\u00f6rstel am 8.3.2014 Die Basssaxophone knatterten, raumf\u00fcllende Klangmaschinen pulsierten, eine menschliche Stimme t\u00f6nte unerh\u00f6rt &#8212; am langen Abend der Klangkunst bebte und schwang der gro\u00dfe Saal des Kunsthauses von Jazz bis Avantgarde. Zu sp\u00e4terer Stunde ein extremer Kontrast: das virtuos entschleunigte Duo \u00bbMoving Sounds\u00ab mit Klarinettistin Tara [&hellip;]<\/p>\n","protected":false},"author":2,"featured_media":1254,"comment_status":"closed","ping_status":"closed","sticky":false,"template":"","format":"standard","meta":{"_acf_changed":false,"footnotes":""},"categories":[54],"tags":[],"class_list":["post-1256","post","type-post","status-publish","format-standard","has-post-thumbnail","hentry","category-2016-en"],"acf":[],"yoast_head":"<!-- This site is optimized with the Yoast SEO plugin v27.1.1 - https:\/\/yoast.com\/product\/yoast-seo-wordpress\/ -->\n<title>Klangkunst Festival im DA - Soundseeing<\/title>\n<meta name=\"robots\" content=\"index, follow, max-snippet:-1, max-image-preview:large, max-video-preview:-1\" \/>\n<link rel=\"canonical\" href=\"https:\/\/www.soundseeing.net\/en\/klangkunst-festival-im-da\/\" \/>\n<meta property=\"og:locale\" content=\"en_US\" \/>\n<meta property=\"og:type\" content=\"article\" \/>\n<meta property=\"og:title\" content=\"Klangkunst Festival im DA - Soundseeing\" \/>\n<meta property=\"og:description\" content=\"Er\u00f6ffnung der Klangkunst-Ausstellung im DA, Kunsthaus Kloster Gravenhorst, H\u00f6rstel am 8.3.2014 Die Basssaxophone knatterten, raumf\u00fcllende Klangmaschinen pulsierten, eine menschliche Stimme t\u00f6nte unerh\u00f6rt &#8212; am langen Abend der Klangkunst bebte und schwang der gro\u00dfe Saal des Kunsthauses von Jazz bis Avantgarde. Zu sp\u00e4terer Stunde ein extremer Kontrast: das virtuos entschleunigte Duo \u00bbMoving Sounds\u00ab mit Klarinettistin Tara [&hellip;]\" \/>\n<meta property=\"og:url\" content=\"https:\/\/www.soundseeing.net\/en\/klangkunst-festival-im-da\/\" \/>\n<meta property=\"og:site_name\" content=\"Soundseeing\" \/>\n<meta property=\"article:published_time\" content=\"2023-01-05T18:10:39+00:00\" \/>\n<meta property=\"article:modified_time\" content=\"2023-01-05T18:21:14+00:00\" \/>\n<meta property=\"og:image\" content=\"https:\/\/www.soundseeing.net\/wp-content\/uploads\/2023\/01\/Soundseeing-2014-Foto-M-Jezierny-7.jpg\" \/>\n\t<meta property=\"og:image:width\" content=\"1500\" \/>\n\t<meta property=\"og:image:height\" content=\"844\" \/>\n\t<meta property=\"og:image:type\" content=\"image\/jpeg\" \/>\n<meta name=\"author\" content=\"Editor64\" \/>\n<meta name=\"twitter:card\" content=\"summary_large_image\" \/>\n<meta name=\"twitter:label1\" content=\"Written by\" \/>\n\t<meta name=\"twitter:data1\" content=\"Editor64\" \/>\n\t<meta name=\"twitter:label2\" content=\"Est. reading time\" \/>\n\t<meta name=\"twitter:data2\" content=\"1 minute\" \/>\n<script type=\"application\/ld+json\" class=\"yoast-schema-graph\">{\"@context\":\"https:\/\/schema.org\",\"@graph\":[{\"@type\":\"Article\",\"@id\":\"https:\/\/www.soundseeing.net\/en\/klangkunst-festival-im-da\/#article\",\"isPartOf\":{\"@id\":\"https:\/\/www.soundseeing.net\/en\/klangkunst-festival-im-da\/\"},\"author\":{\"name\":\"Editor64\",\"@id\":\"https:\/\/www.soundseeing.net\/en\/#\/schema\/person\/c5dcb04904781fae06bfc6ad6c463e0a\"},\"headline\":\"Klangkunst Festival im DA\",\"datePublished\":\"2023-01-05T18:10:39+00:00\",\"dateModified\":\"2023-01-05T18:21:14+00:00\",\"mainEntityOfPage\":{\"@id\":\"https:\/\/www.soundseeing.net\/en\/klangkunst-festival-im-da\/\"},\"wordCount\":168,\"image\":{\"@id\":\"https:\/\/www.soundseeing.net\/en\/klangkunst-festival-im-da\/#primaryimage\"},\"thumbnailUrl\":\"https:\/\/www.soundseeing.net\/wp-content\/uploads\/2023\/01\/Soundseeing-2014-Foto-M-Jezierny-7.jpg\",\"articleSection\":[\"+ 2016\"],\"inLanguage\":\"en-US\"},{\"@type\":\"WebPage\",\"@id\":\"https:\/\/www.soundseeing.net\/en\/klangkunst-festival-im-da\/\",\"url\":\"https:\/\/www.soundseeing.net\/en\/klangkunst-festival-im-da\/\",\"name\":\"Klangkunst Festival im DA - Soundseeing\",\"isPartOf\":{\"@id\":\"https:\/\/www.soundseeing.net\/en\/#website\"},\"primaryImageOfPage\":{\"@id\":\"https:\/\/www.soundseeing.net\/en\/klangkunst-festival-im-da\/#primaryimage\"},\"image\":{\"@id\":\"https:\/\/www.soundseeing.net\/en\/klangkunst-festival-im-da\/#primaryimage\"},\"thumbnailUrl\":\"https:\/\/www.soundseeing.net\/wp-content\/uploads\/2023\/01\/Soundseeing-2014-Foto-M-Jezierny-7.jpg\",\"datePublished\":\"2023-01-05T18:10:39+00:00\",\"dateModified\":\"2023-01-05T18:21:14+00:00\",\"author\":{\"@id\":\"https:\/\/www.soundseeing.net\/en\/#\/schema\/person\/c5dcb04904781fae06bfc6ad6c463e0a\"},\"breadcrumb\":{\"@id\":\"https:\/\/www.soundseeing.net\/en\/klangkunst-festival-im-da\/#breadcrumb\"},\"inLanguage\":\"en-US\",\"potentialAction\":[{\"@type\":\"ReadAction\",\"target\":[\"https:\/\/www.soundseeing.net\/en\/klangkunst-festival-im-da\/\"]}]},{\"@type\":\"ImageObject\",\"inLanguage\":\"en-US\",\"@id\":\"https:\/\/www.soundseeing.net\/en\/klangkunst-festival-im-da\/#primaryimage\",\"url\":\"https:\/\/www.soundseeing.net\/wp-content\/uploads\/2023\/01\/Soundseeing-2014-Foto-M-Jezierny-7.jpg\",\"contentUrl\":\"https:\/\/www.soundseeing.net\/wp-content\/uploads\/2023\/01\/Soundseeing-2014-Foto-M-Jezierny-7.jpg\",\"width\":1500,\"height\":844,\"caption\":\"Klangkunst Festival im DA Kunsthaus 2014\"},{\"@type\":\"BreadcrumbList\",\"@id\":\"https:\/\/www.soundseeing.net\/en\/klangkunst-festival-im-da\/#breadcrumb\",\"itemListElement\":[{\"@type\":\"ListItem\",\"position\":1,\"name\":\"Startseite\",\"item\":\"https:\/\/www.soundseeing.net\/en\/\"},{\"@type\":\"ListItem\",\"position\":2,\"name\":\"Klangkunst Festival im DA\"}]},{\"@type\":\"WebSite\",\"@id\":\"https:\/\/www.soundseeing.net\/en\/#website\",\"url\":\"https:\/\/www.soundseeing.net\/en\/\",\"name\":\"Soundseeing\",\"description\":\"Soundseeing\",\"potentialAction\":[{\"@type\":\"SearchAction\",\"target\":{\"@type\":\"EntryPoint\",\"urlTemplate\":\"https:\/\/www.soundseeing.net\/en\/?s={search_term_string}\"},\"query-input\":{\"@type\":\"PropertyValueSpecification\",\"valueRequired\":true,\"valueName\":\"search_term_string\"}}],\"inLanguage\":\"en-US\"},{\"@type\":\"Person\",\"@id\":\"https:\/\/www.soundseeing.net\/en\/#\/schema\/person\/c5dcb04904781fae06bfc6ad6c463e0a\",\"name\":\"Editor64\",\"image\":{\"@type\":\"ImageObject\",\"inLanguage\":\"en-US\",\"@id\":\"https:\/\/www.soundseeing.net\/en\/#\/schema\/person\/image\/\",\"url\":\"https:\/\/secure.gravatar.com\/avatar\/b0783122c5878ba36e1ab78eec12a2f8a449ef1f2a259310bed073575cbb4145?s=96&d=mm&r=g\",\"contentUrl\":\"https:\/\/secure.gravatar.com\/avatar\/b0783122c5878ba36e1ab78eec12a2f8a449ef1f2a259310bed073575cbb4145?s=96&d=mm&r=g\",\"caption\":\"Editor64\"},\"url\":\"https:\/\/www.soundseeing.net\/en\/author\/editor64\/\"}]}<\/script>\n<!-- \/ Yoast SEO plugin. -->","yoast_head_json":{"title":"Klangkunst Festival im DA - Soundseeing","robots":{"index":"index","follow":"follow","max-snippet":"max-snippet:-1","max-image-preview":"max-image-preview:large","max-video-preview":"max-video-preview:-1"},"canonical":"https:\/\/www.soundseeing.net\/en\/klangkunst-festival-im-da\/","og_locale":"en_US","og_type":"article","og_title":"Klangkunst Festival im DA - Soundseeing","og_description":"Er\u00f6ffnung der Klangkunst-Ausstellung im DA, Kunsthaus Kloster Gravenhorst, H\u00f6rstel am 8.3.2014 Die Basssaxophone knatterten, raumf\u00fcllende Klangmaschinen pulsierten, eine menschliche Stimme t\u00f6nte unerh\u00f6rt &#8212; am langen Abend der Klangkunst bebte und schwang der gro\u00dfe Saal des Kunsthauses von Jazz bis Avantgarde. Zu sp\u00e4terer Stunde ein extremer Kontrast: das virtuos entschleunigte Duo \u00bbMoving Sounds\u00ab mit Klarinettistin Tara [&hellip;]","og_url":"https:\/\/www.soundseeing.net\/en\/klangkunst-festival-im-da\/","og_site_name":"Soundseeing","article_published_time":"2023-01-05T18:10:39+00:00","article_modified_time":"2023-01-05T18:21:14+00:00","og_image":[{"width":1500,"height":844,"url":"https:\/\/www.soundseeing.net\/wp-content\/uploads\/2023\/01\/Soundseeing-2014-Foto-M-Jezierny-7.jpg","type":"image\/jpeg"}],"author":"Editor64","twitter_card":"summary_large_image","twitter_misc":{"Written by":"Editor64","Est. reading time":"1 minute"},"schema":{"@context":"https:\/\/schema.org","@graph":[{"@type":"Article","@id":"https:\/\/www.soundseeing.net\/en\/klangkunst-festival-im-da\/#article","isPartOf":{"@id":"https:\/\/www.soundseeing.net\/en\/klangkunst-festival-im-da\/"},"author":{"name":"Editor64","@id":"https:\/\/www.soundseeing.net\/en\/#\/schema\/person\/c5dcb04904781fae06bfc6ad6c463e0a"},"headline":"Klangkunst Festival im DA","datePublished":"2023-01-05T18:10:39+00:00","dateModified":"2023-01-05T18:21:14+00:00","mainEntityOfPage":{"@id":"https:\/\/www.soundseeing.net\/en\/klangkunst-festival-im-da\/"},"wordCount":168,"image":{"@id":"https:\/\/www.soundseeing.net\/en\/klangkunst-festival-im-da\/#primaryimage"},"thumbnailUrl":"https:\/\/www.soundseeing.net\/wp-content\/uploads\/2023\/01\/Soundseeing-2014-Foto-M-Jezierny-7.jpg","articleSection":["+ 2016"],"inLanguage":"en-US"},{"@type":"WebPage","@id":"https:\/\/www.soundseeing.net\/en\/klangkunst-festival-im-da\/","url":"https:\/\/www.soundseeing.net\/en\/klangkunst-festival-im-da\/","name":"Klangkunst Festival im DA - Soundseeing","isPartOf":{"@id":"https:\/\/www.soundseeing.net\/en\/#website"},"primaryImageOfPage":{"@id":"https:\/\/www.soundseeing.net\/en\/klangkunst-festival-im-da\/#primaryimage"},"image":{"@id":"https:\/\/www.soundseeing.net\/en\/klangkunst-festival-im-da\/#primaryimage"},"thumbnailUrl":"https:\/\/www.soundseeing.net\/wp-content\/uploads\/2023\/01\/Soundseeing-2014-Foto-M-Jezierny-7.jpg","datePublished":"2023-01-05T18:10:39+00:00","dateModified":"2023-01-05T18:21:14+00:00","author":{"@id":"https:\/\/www.soundseeing.net\/en\/#\/schema\/person\/c5dcb04904781fae06bfc6ad6c463e0a"},"breadcrumb":{"@id":"https:\/\/www.soundseeing.net\/en\/klangkunst-festival-im-da\/#breadcrumb"},"inLanguage":"en-US","potentialAction":[{"@type":"ReadAction","target":["https:\/\/www.soundseeing.net\/en\/klangkunst-festival-im-da\/"]}]},{"@type":"ImageObject","inLanguage":"en-US","@id":"https:\/\/www.soundseeing.net\/en\/klangkunst-festival-im-da\/#primaryimage","url":"https:\/\/www.soundseeing.net\/wp-content\/uploads\/2023\/01\/Soundseeing-2014-Foto-M-Jezierny-7.jpg","contentUrl":"https:\/\/www.soundseeing.net\/wp-content\/uploads\/2023\/01\/Soundseeing-2014-Foto-M-Jezierny-7.jpg","width":1500,"height":844,"caption":"Klangkunst Festival im DA Kunsthaus 2014"},{"@type":"BreadcrumbList","@id":"https:\/\/www.soundseeing.net\/en\/klangkunst-festival-im-da\/#breadcrumb","itemListElement":[{"@type":"ListItem","position":1,"name":"Startseite","item":"https:\/\/www.soundseeing.net\/en\/"},{"@type":"ListItem","position":2,"name":"Klangkunst Festival im DA"}]},{"@type":"WebSite","@id":"https:\/\/www.soundseeing.net\/en\/#website","url":"https:\/\/www.soundseeing.net\/en\/","name":"Soundseeing","description":"Soundseeing","potentialAction":[{"@type":"SearchAction","target":{"@type":"EntryPoint","urlTemplate":"https:\/\/www.soundseeing.net\/en\/?s={search_term_string}"},"query-input":{"@type":"PropertyValueSpecification","valueRequired":true,"valueName":"search_term_string"}}],"inLanguage":"en-US"},{"@type":"Person","@id":"https:\/\/www.soundseeing.net\/en\/#\/schema\/person\/c5dcb04904781fae06bfc6ad6c463e0a","name":"Editor64","image":{"@type":"ImageObject","inLanguage":"en-US","@id":"https:\/\/www.soundseeing.net\/en\/#\/schema\/person\/image\/","url":"https:\/\/secure.gravatar.com\/avatar\/b0783122c5878ba36e1ab78eec12a2f8a449ef1f2a259310bed073575cbb4145?s=96&d=mm&r=g","contentUrl":"https:\/\/secure.gravatar.com\/avatar\/b0783122c5878ba36e1ab78eec12a2f8a449ef1f2a259310bed073575cbb4145?s=96&d=mm&r=g","caption":"Editor64"},"url":"https:\/\/www.soundseeing.net\/en\/author\/editor64\/"}]}},"_links":{"self":[{"href":"https:\/\/www.soundseeing.net\/en\/wp-json\/wp\/v2\/posts\/1256","targetHints":{"allow":["GET"]}}],"collection":[{"href":"https:\/\/www.soundseeing.net\/en\/wp-json\/wp\/v2\/posts"}],"about":[{"href":"https:\/\/www.soundseeing.net\/en\/wp-json\/wp\/v2\/types\/post"}],"author":[{"embeddable":true,"href":"https:\/\/www.soundseeing.net\/en\/wp-json\/wp\/v2\/users\/2"}],"replies":[{"embeddable":true,"href":"https:\/\/www.soundseeing.net\/en\/wp-json\/wp\/v2\/comments?post=1256"}],"version-history":[{"count":1,"href":"https:\/\/www.soundseeing.net\/en\/wp-json\/wp\/v2\/posts\/1256\/revisions"}],"predecessor-version":[{"id":1258,"href":"https:\/\/www.soundseeing.net\/en\/wp-json\/wp\/v2\/posts\/1256\/revisions\/1258"}],"wp:featuredmedia":[{"embeddable":true,"href":"https:\/\/www.soundseeing.net\/en\/wp-json\/wp\/v2\/media\/1254"}],"wp:attachment":[{"href":"https:\/\/www.soundseeing.net\/en\/wp-json\/wp\/v2\/media?parent=1256"}],"wp:term":[{"taxonomy":"category","embeddable":true,"href":"https:\/\/www.soundseeing.net\/en\/wp-json\/wp\/v2\/categories?post=1256"},{"taxonomy":"post_tag","embeddable":true,"href":"https:\/\/www.soundseeing.net\/en\/wp-json\/wp\/v2\/tags?post=1256"}],"curies":[{"name":"wp","href":"https:\/\/api.w.org\/{rel}","templated":true}]}}